{"id":10127,"date":"2023-11-14T14:52:08","date_gmt":"2023-11-14T13:52:08","guid":{"rendered":"https:\/\/ki-marktplatz.com\/?p=10127"},"modified":"2024-06-29T00:30:38","modified_gmt":"2024-06-28T22:30:38","slug":"markt-der-digitalen-moeglichkeiten","status":"publish","type":"post","link":"https:\/\/ki-marktplatz.com\/en\/markt-der-digitalen-moeglichkeiten\/","title":{"rendered":"Markt der digitalen M\u00f6glichkeiten"},"content":{"rendered":"<p><strong><span class=\"font-larger\">Im Rahmen Digital-Gipfels pr\u00e4sentieren die Stadt Jena und der Freistaat Th\u00fcringen den &#8220;Markt der digitalen M\u00f6glichkeiten&#8221; \u2013 eine Messe, die eindrucksvoll aufzeigt, wie digitale Technologien bereits in verschiedenen Lebensbereichen integriert sind und unseren Alltag beeinflussen. Der KI-Marktplatz pr\u00e4sentiert sich im Rahmen der Ausstellung und ist mit einer Keynote im Programm vertreten.<\/span><\/strong><\/p>\n<p><span class=\"red\"><strong>20. &#8211; 21. November 2023 | 9 &#8211; 17 Uhr<\/strong><\/span><br \/>\n<span class=\"red\"><strong>Ernst-Abbe-Hochschule Jena<\/strong><\/span><\/p>\n<p>Welchen Einfluss die Technologien auf Wirtschaft und Gesellschaft haben, wird in spannenden Exponaten und in unterschiedlichen Veranstaltungsformaten veranschaulicht. Ein Einblick in einige der innovativsten Technologien, die auf dem Markt der digitalen M\u00f6glichkeiten pr\u00e4sentiert werden, offenbart faszinierende Entwicklungen.<\/p>\n<p>Mit dem KI-Marktplatz demonstrieren wir die Potenziale K\u00fcnstlicher Intelligenz f\u00fcr das Engineering &#8211; von Kostenreduktion \u00fcber Effizienzsteigerung bis hin zur Steigerung von Entwicklungskapazit\u00e4ten. Dabei hilft nicht nur unser Serviceangebot, sondern auch unsere Plattform KI-Marktplatz. Anhand eines konkreten Anwendungsfalls bei dem Landmaschinenhersteller CLAAS zeigen wir, die KI-Anwendungen Ingenieure bei der Identifizierung und Wiederverwendung von Gleich- und \u00c4hnlichteilen unterst\u00fctzt.<\/p>\n<p>Melden Sie sich kostenlos zum Digitalgipfel an und <strong>treffen Sie uns auf dem &#8220;Markt der digitalen M\u00f6glichkeiten&#8221; am Stand 123<\/strong>.<\/p>\n<p><a class=\"btn\" href=\"https:\/\/www.digitalgipfel-jena.de\/\" target=\"_blank\" rel=\"noopener\">Jetzt anmelden<\/a><\/p>\n<p>Weitere Beispiele verdeutlichen auf eindrucksvolle Weise, dass die Bef\u00fcrwortung einer verst\u00e4rkten Digitalisierung nicht lediglich eine abstrakte Forderung darstellt, sondern tats\u00e4chlich dazu beitr\u00e4gt, unsere Welt zu verbessern und den Alltag zu erleichtern. Hierzu geh\u00f6ren digitale Exoskelette, die Schlaganfallpatienten bei der Wiedererlangung ihrer Selbstst\u00e4ndigkeit unterst\u00fctzen sowie mit minimal-invasiven Kamerasystemen ausgestattete Bienenst\u00f6cke, die den R\u00fcckgang der Biodiversit\u00e4t dokumentieren und nach L\u00f6sungen suchen. Virtual Reality er\u00f6ffnet Piloten die M\u00f6glichkeit, ihre Ausbildung nicht nur auf herk\u00f6mmlichen Flugsimulatoren, sondern auch in realistischeren Szenarien zu absolvieren.<\/p>\n<h2>Potenziale von (generativer) KI f\u00fcr die Deutsche Industrie<\/h2>\n<p>Sie brauche noch ein Argument f\u00fcr Ihre Teilnahme? Wir haben eines: Die Keynote von Prof. Dr. Roman Dumitrescu am <span class=\"red\"><strong>20.11.2023, 12:00 &#8211; 12:45 (Universit\u00e4t Jena H\u00f6rsaal 2)<\/strong><\/span> zeigt die transformative Wirkung generativer KI-Technologien auf die deutsche Industrie. Grundlage daf\u00fcr ist u.a. das Forschungsprojekt &#8220;KI-Marktplatz&#8221;, welches ein \u00d6kosystem schafft, um Unternehmen die Potenziale von KI in der Produktentstehung zu erschlie\u00dfen.<\/p>\n<p>Roman Dumitrescu wird sowohl die technologischen Grundlagen als auch praxisnahe Anwendungsbeispiele pr\u00e4sentieren und dabei klar und verst\u00e4ndlich den Nutzen des aufkommenden Trends von generativer KI f\u00fcr die deutsche Industrie aufzeigen.<\/p>\n<p><a class=\"btn\" href=\"https:\/\/www.digitalgipfel-jena.de\/\" target=\"_blank\" rel=\"noopener\">Jetzt anmelden<\/a><\/p>\n","protected":false},"excerpt":{"rendered":"<p>Im Rahmen Digital-Gipfels pr\u00e4sentieren die Stadt Jena und der Freistaat Th\u00fcringen den &#8220;Markt der digitalen M\u00f6glichkeiten&#8221; \u2013 eine Messe, die eindrucksvoll aufzeigt, wie digitale Technologien bereits in verschiedenen Lebensbereichen integriert &#8230;<\/p>\n","protected":false},"author":18,"featured_media":10135,"comment_status":"closed","ping_status":"closed","sticky":false,"template":"","format":"standard","meta":{"_acf_changed":false,"content-type":"","footnotes":""},"categories":[24],"class_list":["post-10127","post","type-post","status-publish","format-standard","has-post-thumbnail","hentry","category-events"],"acf":[],"yoast_head":"<!-- This site is optimized with the Yoast SEO plugin v26.8 - https:\/\/yoast.com\/product\/yoast-seo-wordpress\/ -->\n<title>Markt der digitalen M\u00f6glichkeiten &#187; KI-Marktplatz<\/title>\n<meta name=\"robots\" content=\"index, follow, max-snippet:-1, max-image-preview:large, max-video-preview:-1\" \/>\n<link rel=\"canonical\" href=\"https:\/\/ki-marktplatz.com\/en\/markt-der-digitalen-moeglichkeiten\/\" \/>\n<meta property=\"og:locale\" content=\"en_US\" \/>\n<meta property=\"og:type\" content=\"article\" \/>\n<meta property=\"og:title\" content=\"Markt der digitalen M\u00f6glichkeiten\" \/>\n<meta property=\"og:description\" content=\"Im Rahmen Digital-Gipfels pr\u00e4sentieren die Stadt Jena und der Freistaat Th\u00fcringen den &#8220;Markt der digitalen M\u00f6glichkeiten&#8221; \u2013 eine Messe, die eindrucksvoll aufzeigt, wie digitale Technologien bereits in verschiedenen Lebensbereichen integriert ...\" \/>\n<meta property=\"og:url\" content=\"https:\/\/ki-marktplatz.com\/en\/markt-der-digitalen-moeglichkeiten\/\" \/>\n<meta property=\"og:site_name\" content=\"KI-Marktplatz\" \/>\n<meta property=\"article:published_time\" content=\"2023-11-14T13:52:08+00:00\" \/>\n<meta property=\"article:modified_time\" content=\"2024-06-28T22:30:38+00:00\" \/>\n<meta property=\"og:image\" content=\"https:\/\/ki-marktplatz.com\/wp-content\/uploads\/2023\/11\/mddm-01-1-e1699971960508.jpg\" \/>\n\t<meta property=\"og:image:width\" content=\"2248\" \/>\n\t<meta property=\"og:image:height\" content=\"1337\" \/>\n\t<meta property=\"og:image:type\" content=\"image\/jpeg\" \/>\n<meta name=\"author\" content=\"r.rasor\" \/>\n<meta name=\"twitter:card\" content=\"summary_large_image\" \/>\n<meta name=\"twitter:label1\" content=\"Written by\" \/>\n\t<meta name=\"twitter:data1\" content=\"r.rasor\" \/>\n\t<meta name=\"twitter:label2\" content=\"Est. reading time\" \/>\n\t<meta name=\"twitter:data2\" content=\"3 minutes\" \/>\n<script type=\"application\/ld+json\" class=\"yoast-schema-graph\">{\"@context\":\"https:\/\/schema.org\",\"@graph\":[{\"@type\":\"Article\",\"@id\":\"https:\/\/ki-marktplatz.com\/en\/markt-der-digitalen-moeglichkeiten\/#article\",\"isPartOf\":{\"@id\":\"https:\/\/ki-marktplatz.com\/en\/markt-der-digitalen-moeglichkeiten\/\"},\"author\":{\"name\":\"r.rasor\",\"@id\":\"https:\/\/ki-marktplatz.com\/#\/schema\/person\/ccaf75b1a081942a7641ec51a0aee8a6\"},\"headline\":\"Markt der digitalen M\u00f6glichkeiten\",\"datePublished\":\"2023-11-14T13:52:08+00:00\",\"dateModified\":\"2024-06-28T22:30:38+00:00\",\"mainEntityOfPage\":{\"@id\":\"https:\/\/ki-marktplatz.com\/en\/markt-der-digitalen-moeglichkeiten\/\"},\"wordCount\":742,\"image\":{\"@id\":\"https:\/\/ki-marktplatz.com\/en\/markt-der-digitalen-moeglichkeiten\/#primaryimage\"},\"thumbnailUrl\":\"https:\/\/ki-marktplatz.com\/wp-content\/uploads\/2023\/11\/mddm-01-1-e1699971960508.jpg\",\"articleSection\":[\"Events\"],\"inLanguage\":\"en-US\"},{\"@type\":\"WebPage\",\"@id\":\"https:\/\/ki-marktplatz.com\/en\/markt-der-digitalen-moeglichkeiten\/\",\"url\":\"https:\/\/ki-marktplatz.com\/en\/markt-der-digitalen-moeglichkeiten\/\",\"name\":\"[:de]Markt der digitalen M\u00f6glichkeiten[:en]Markt der digitalen M\u00f6glichkeiten[:] &#187; KI-Marktplatz\",\"isPartOf\":{\"@id\":\"https:\/\/ki-marktplatz.com\/#website\"},\"primaryImageOfPage\":{\"@id\":\"https:\/\/ki-marktplatz.com\/en\/markt-der-digitalen-moeglichkeiten\/#primaryimage\"},\"image\":{\"@id\":\"https:\/\/ki-marktplatz.com\/en\/markt-der-digitalen-moeglichkeiten\/#primaryimage\"},\"thumbnailUrl\":\"https:\/\/ki-marktplatz.com\/wp-content\/uploads\/2023\/11\/mddm-01-1-e1699971960508.jpg\",\"datePublished\":\"2023-11-14T13:52:08+00:00\",\"dateModified\":\"2024-06-28T22:30:38+00:00\",\"author\":{\"@id\":\"https:\/\/ki-marktplatz.com\/#\/schema\/person\/ccaf75b1a081942a7641ec51a0aee8a6\"},\"breadcrumb\":{\"@id\":\"https:\/\/ki-marktplatz.com\/en\/markt-der-digitalen-moeglichkeiten\/#breadcrumb\"},\"inLanguage\":\"en-US\",\"potentialAction\":[{\"@type\":\"ReadAction\",\"target\":[\"https:\/\/ki-marktplatz.com\/en\/markt-der-digitalen-moeglichkeiten\/\"]}]},{\"@type\":\"ImageObject\",\"inLanguage\":\"en-US\",\"@id\":\"https:\/\/ki-marktplatz.com\/en\/markt-der-digitalen-moeglichkeiten\/#primaryimage\",\"url\":\"https:\/\/ki-marktplatz.com\/wp-content\/uploads\/2023\/11\/mddm-01-1-e1699971960508.jpg\",\"contentUrl\":\"https:\/\/ki-marktplatz.com\/wp-content\/uploads\/2023\/11\/mddm-01-1-e1699971960508.jpg\",\"width\":2248,\"height\":1337},{\"@type\":\"BreadcrumbList\",\"@id\":\"https:\/\/ki-marktplatz.com\/en\/markt-der-digitalen-moeglichkeiten\/#breadcrumb\",\"itemListElement\":[{\"@type\":\"ListItem\",\"position\":1,\"name\":\"Home\",\"item\":\"https:\/\/ki-marktplatz.com\/en\/\"},{\"@type\":\"ListItem\",\"position\":2,\"name\":\"Markt der digitalen M\u00f6glichkeiten\"}]},{\"@type\":\"WebSite\",\"@id\":\"https:\/\/ki-marktplatz.com\/#website\",\"url\":\"https:\/\/ki-marktplatz.com\/\",\"name\":\"KI-Marktplatz\",\"description\":\"Die digitale Plattform f\u00fcr K\u00fcnstliche Intelligenz in der Produktentstehung\",\"potentialAction\":[{\"@type\":\"SearchAction\",\"target\":{\"@type\":\"EntryPoint\",\"urlTemplate\":\"https:\/\/ki-marktplatz.com\/?s={search_term_string}\"},\"query-input\":{\"@type\":\"PropertyValueSpecification\",\"valueRequired\":true,\"valueName\":\"search_term_string\"}}],\"inLanguage\":\"en-US\"},{\"@type\":\"Person\",\"@id\":\"https:\/\/ki-marktplatz.com\/#\/schema\/person\/ccaf75b1a081942a7641ec51a0aee8a6\",\"name\":\"r.rasor\",\"image\":{\"@type\":\"ImageObject\",\"inLanguage\":\"en-US\",\"@id\":\"https:\/\/ki-marktplatz.com\/#\/schema\/person\/image\/\",\"url\":\"https:\/\/secure.gravatar.com\/avatar\/26fd6c600e2a59dff70092ce73858452?s=96&d=mm&r=g\",\"contentUrl\":\"https:\/\/secure.gravatar.com\/avatar\/26fd6c600e2a59dff70092ce73858452?s=96&d=mm&r=g\",\"caption\":\"r.rasor\"}}]}<\/script>\n<!-- \/ Yoast SEO plugin. -->","yoast_head_json":{"title":"Markt der digitalen M\u00f6glichkeiten &#187; KI-Marktplatz","robots":{"index":"index","follow":"follow","max-snippet":"max-snippet:-1","max-image-preview":"max-image-preview:large","max-video-preview":"max-video-preview:-1"},"canonical":"https:\/\/ki-marktplatz.com\/en\/markt-der-digitalen-moeglichkeiten\/","og_locale":"en_US","og_type":"article","og_title":"[:de]Markt der digitalen M\u00f6glichkeiten[:en]Markt der digitalen M\u00f6glichkeiten[:] &#187; KI-Marktplatz","og_description":"Im Rahmen Digital-Gipfels pr\u00e4sentieren die Stadt Jena und der Freistaat Th\u00fcringen den &#8220;Markt der digitalen M\u00f6glichkeiten&#8221; \u2013 eine Messe, die eindrucksvoll aufzeigt, wie digitale Technologien bereits in verschiedenen Lebensbereichen integriert ...","og_url":"https:\/\/ki-marktplatz.com\/en\/markt-der-digitalen-moeglichkeiten\/","og_site_name":"KI-Marktplatz","article_published_time":"2023-11-14T13:52:08+00:00","article_modified_time":"2024-06-28T22:30:38+00:00","og_image":[{"width":2248,"height":1337,"url":"https:\/\/ki-marktplatz.com\/wp-content\/uploads\/2023\/11\/mddm-01-1-e1699971960508.jpg","type":"image\/jpeg"}],"author":"r.rasor","twitter_card":"summary_large_image","twitter_misc":{"Written by":"r.rasor","Est. reading time":"3 minutes"},"schema":{"@context":"https:\/\/schema.org","@graph":[{"@type":"Article","@id":"https:\/\/ki-marktplatz.com\/en\/markt-der-digitalen-moeglichkeiten\/#article","isPartOf":{"@id":"https:\/\/ki-marktplatz.com\/en\/markt-der-digitalen-moeglichkeiten\/"},"author":{"name":"r.rasor","@id":"https:\/\/ki-marktplatz.com\/#\/schema\/person\/ccaf75b1a081942a7641ec51a0aee8a6"},"headline":"Markt der digitalen M\u00f6glichkeiten","datePublished":"2023-11-14T13:52:08+00:00","dateModified":"2024-06-28T22:30:38+00:00","mainEntityOfPage":{"@id":"https:\/\/ki-marktplatz.com\/en\/markt-der-digitalen-moeglichkeiten\/"},"wordCount":742,"image":{"@id":"https:\/\/ki-marktplatz.com\/en\/markt-der-digitalen-moeglichkeiten\/#primaryimage"},"thumbnailUrl":"https:\/\/ki-marktplatz.com\/wp-content\/uploads\/2023\/11\/mddm-01-1-e1699971960508.jpg","articleSection":["Events"],"inLanguage":"en-US"},{"@type":"WebPage","@id":"https:\/\/ki-marktplatz.com\/en\/markt-der-digitalen-moeglichkeiten\/","url":"https:\/\/ki-marktplatz.com\/en\/markt-der-digitalen-moeglichkeiten\/","name":"[:de]Markt der digitalen M\u00f6glichkeiten[:en]Markt der digitalen M\u00f6glichkeiten[:] &#187; KI-Marktplatz","isPartOf":{"@id":"https:\/\/ki-marktplatz.com\/#website"},"primaryImageOfPage":{"@id":"https:\/\/ki-marktplatz.com\/en\/markt-der-digitalen-moeglichkeiten\/#primaryimage"},"image":{"@id":"https:\/\/ki-marktplatz.com\/en\/markt-der-digitalen-moeglichkeiten\/#primaryimage"},"thumbnailUrl":"https:\/\/ki-marktplatz.com\/wp-content\/uploads\/2023\/11\/mddm-01-1-e1699971960508.jpg","datePublished":"2023-11-14T13:52:08+00:00","dateModified":"2024-06-28T22:30:38+00:00","author":{"@id":"https:\/\/ki-marktplatz.com\/#\/schema\/person\/ccaf75b1a081942a7641ec51a0aee8a6"},"breadcrumb":{"@id":"https:\/\/ki-marktplatz.com\/en\/markt-der-digitalen-moeglichkeiten\/#breadcrumb"},"inLanguage":"en-US","potentialAction":[{"@type":"ReadAction","target":["https:\/\/ki-marktplatz.com\/en\/markt-der-digitalen-moeglichkeiten\/"]}]},{"@type":"ImageObject","inLanguage":"en-US","@id":"https:\/\/ki-marktplatz.com\/en\/markt-der-digitalen-moeglichkeiten\/#primaryimage","url":"https:\/\/ki-marktplatz.com\/wp-content\/uploads\/2023\/11\/mddm-01-1-e1699971960508.jpg","contentUrl":"https:\/\/ki-marktplatz.com\/wp-content\/uploads\/2023\/11\/mddm-01-1-e1699971960508.jpg","width":2248,"height":1337},{"@type":"BreadcrumbList","@id":"https:\/\/ki-marktplatz.com\/en\/markt-der-digitalen-moeglichkeiten\/#breadcrumb","itemListElement":[{"@type":"ListItem","position":1,"name":"Home","item":"https:\/\/ki-marktplatz.com\/en\/"},{"@type":"ListItem","position":2,"name":"Markt der digitalen M\u00f6glichkeiten"}]},{"@type":"WebSite","@id":"https:\/\/ki-marktplatz.com\/#website","url":"https:\/\/ki-marktplatz.com\/","name":"KI-Marktplatz","description":"Die digitale Plattform f\u00fcr K\u00fcnstliche Intelligenz in der Produktentstehung","potentialAction":[{"@type":"SearchAction","target":{"@type":"EntryPoint","urlTemplate":"https:\/\/ki-marktplatz.com\/?s={search_term_string}"},"query-input":{"@type":"PropertyValueSpecification","valueRequired":true,"valueName":"search_term_string"}}],"inLanguage":"en-US"},{"@type":"Person","@id":"https:\/\/ki-marktplatz.com\/#\/schema\/person\/ccaf75b1a081942a7641ec51a0aee8a6","name":"r.rasor","image":{"@type":"ImageObject","inLanguage":"en-US","@id":"https:\/\/ki-marktplatz.com\/#\/schema\/person\/image\/","url":"https:\/\/secure.gravatar.com\/avatar\/26fd6c600e2a59dff70092ce73858452?s=96&d=mm&r=g","contentUrl":"https:\/\/secure.gravatar.com\/avatar\/26fd6c600e2a59dff70092ce73858452?s=96&d=mm&r=g","caption":"r.rasor"}}]}},"_links":{"self":[{"href":"https:\/\/ki-marktplatz.com\/en\/wp-json\/wp\/v2\/posts\/10127","targetHints":{"allow":["GET"]}}],"collection":[{"href":"https:\/\/ki-marktplatz.com\/en\/wp-json\/wp\/v2\/posts"}],"about":[{"href":"https:\/\/ki-marktplatz.com\/en\/wp-json\/wp\/v2\/types\/post"}],"author":[{"embeddable":true,"href":"https:\/\/ki-marktplatz.com\/en\/wp-json\/wp\/v2\/users\/18"}],"replies":[{"embeddable":true,"href":"https:\/\/ki-marktplatz.com\/en\/wp-json\/wp\/v2\/comments?post=10127"}],"version-history":[{"count":0,"href":"https:\/\/ki-marktplatz.com\/en\/wp-json\/wp\/v2\/posts\/10127\/revisions"}],"wp:featuredmedia":[{"embeddable":true,"href":"https:\/\/ki-marktplatz.com\/en\/wp-json\/wp\/v2\/media\/10135"}],"wp:attachment":[{"href":"https:\/\/ki-marktplatz.com\/en\/wp-json\/wp\/v2\/media?parent=10127"}],"wp:term":[{"taxonomy":"category","embeddable":true,"href":"https:\/\/ki-marktplatz.com\/en\/wp-json\/wp\/v2\/categories?post=10127"}],"curies":[{"name":"wp","href":"https:\/\/api.w.org\/{rel}","templated":true}]}}